{"id":4052,"date":"2026-04-29T14:04:46","date_gmt":"2026-04-29T12:04:46","guid":{"rendered":"https:\/\/www.duchein.ch\/?p=4052"},"modified":"2026-04-29T14:04:46","modified_gmt":"2026-04-29T12:04:46","slug":"sportplatz-platy-in-villars-sur-glane","status":"publish","type":"post","link":"https:\/\/www.duchein.ch\/de\/sportplatz-platy-in-villars-sur-glane\/","title":{"rendered":"Sportplatz Platy in Villars-sur-Gl\u00e2ne"},"content":{"rendered":"<p>Das Projekt in Villars-sur-Gl\u00e2ne nimmt Gestalt an: Die Aushubarbeiten f\u00fcr die neuen Umkleidekabinen am Sportplatz Platy schreiten z\u00fcgig voran.<br \/>\n<img loading=\"lazy\" decoding=\"async\" class=\"alignnone size-full wp-image-4048\" src=\"https:\/\/www.duchein.ch\/wp-content\/uploads\/2026\/04\/Terrain-de-foot-Villars-sur-Glane.jpg\" alt=\"\" width=\"1200\" height=\"728\" srcset=\"https:\/\/www.duchein.ch\/wp-content\/uploads\/2026\/04\/Terrain-de-foot-Villars-sur-Glane.jpg 1200w, https:\/\/www.duchein.ch\/wp-content\/uploads\/2026\/04\/Terrain-de-foot-Villars-sur-Glane-980x595.jpg 980w, https:\/\/www.duchein.ch\/wp-content\/uploads\/2026\/04\/Terrain-de-foot-Villars-sur-Glane-480x291.jpg 480w\" sizes=\"(min-width: 0px) and (max-width: 480px) 480px, (min-width: 481px) and (max-width: 980px) 980px, (min-width: 981px) 1200px, 100vw\" \/><\/p>\n","protected":false},"excerpt":{"rendered":"<p>Das Projekt in Villars-sur-Gl\u00e2ne nimmt Gestalt an: Die Aushubarbeiten f\u00fcr die neuen Umkleidekabinen am Sportplatz Platy schreiten z\u00fcgig voran.<\/p>\n","protected":false},"author":2,"featured_media":0,"comment_status":"open","ping_status":"open","sticky":false,"template":"","format":"standard","meta":{"_et_pb_use_builder":"","_et_pb_old_content":"","_et_gb_content_width":"","inline_featured_image":false,"_jetpack_memberships_contains_paid_content":false,"footnotes":""},"categories":[59],"tags":[],"class_list":["post-4052","post","type-post","status-publish","format-standard","hentry","category-59"],"jetpack_featured_media_url":"","jetpack_sharing_enabled":true,"_links":{"self":[{"href":"https:\/\/www.duchein.ch\/de\/wp-json\/wp\/v2\/posts\/4052","targetHints":{"allow":["GET"]}}],"collection":[{"href":"https:\/\/www.duchein.ch\/de\/wp-json\/wp\/v2\/posts"}],"about":[{"href":"https:\/\/www.duchein.ch\/de\/wp-json\/wp\/v2\/types\/post"}],"author":[{"embeddable":true,"href":"https:\/\/www.duchein.ch\/de\/wp-json\/wp\/v2\/users\/2"}],"replies":[{"embeddable":true,"href":"https:\/\/www.duchein.ch\/de\/wp-json\/wp\/v2\/comments?post=4052"}],"version-history":[{"count":1,"href":"https:\/\/www.duchein.ch\/de\/wp-json\/wp\/v2\/posts\/4052\/revisions"}],"predecessor-version":[{"id":4053,"href":"https:\/\/www.duchein.ch\/de\/wp-json\/wp\/v2\/posts\/4052\/revisions\/4053"}],"wp:attachment":[{"href":"https:\/\/www.duchein.ch\/de\/wp-json\/wp\/v2\/media?parent=4052"}],"wp:term":[{"taxonomy":"category","embeddable":true,"href":"https:\/\/www.duchein.ch\/de\/wp-json\/wp\/v2\/categories?post=4052"},{"taxonomy":"post_tag","embeddable":true,"href":"https:\/\/www.duchein.ch\/de\/wp-json\/wp\/v2\/tags?post=4052"}],"curies":[{"name":"wp","href":"https:\/\/api.w.org\/{rel}","templated":true}]}}