{"id":2324,"date":"2020-09-11T16:15:40","date_gmt":"2020-09-11T14:15:40","guid":{"rendered":"https:\/\/dev.inventaire.ch\/duchein\/chantier-channelmatte-iii-guin\/"},"modified":"2021-12-15T02:29:50","modified_gmt":"2021-12-15T01:29:50","slug":"baustelle-chaennelmatte-iii-duedingen","status":"publish","type":"post","link":"https:\/\/www.duchein.ch\/de\/baustelle-chaennelmatte-iii-duedingen\/","title":{"rendered":"Baustelle Ch\u00e4nnelmatte III D\u00fcdingen"},"content":{"rendered":"<p>Bauphase der Etappe III &#8211; Erbauung von Wohngeb\u00e4uden in D\u00fcdingen<\/p>\n<p><img loading=\"lazy\" decoding=\"async\" class=\"alignnone wp-image-1469\" src=\"http:\/\/www.duchein.ch\/wp-content\/uploads\/2021\/12\/7222-Channelmatte-III.jpg\" alt=\"\" width=\"1000\" height=\"733\" srcset=\"http:\/\/www.duchein.ch\/wp-content\/uploads\/2021\/12\/7222-Channelmatte-III-980x719.jpg 980w, http:\/\/www.duchein.ch\/wp-content\/uploads\/2021\/12\/7222-Channelmatte-III-480x352.jpg 480w\" sizes=\"(min-width: 0px) and (max-width: 480px) 480px, (min-width: 481px) and (max-width: 980px) 980px, (min-width: 981px) 1000px, 100vw\" \/><\/p>\n","protected":false},"excerpt":{"rendered":"<p>Bauphase der Etappe III &#8211; Erbauung von Wohngeb\u00e4uden in D\u00fcdingen<\/p>\n","protected":false},"author":2,"featured_media":0,"comment_status":"open","ping_status":"open","sticky":false,"template":"","format":"standard","meta":{"_et_pb_use_builder":"","_et_pb_old_content":"","_et_gb_content_width":"","inline_featured_image":false,"_jetpack_memberships_contains_paid_content":false,"footnotes":""},"categories":[46],"tags":[],"class_list":["post-2324","post","type-post","status-publish","format-standard","hentry","category-2020-de"],"jetpack_featured_media_url":"","jetpack_sharing_enabled":true,"_links":{"self":[{"href":"https:\/\/www.duchein.ch\/de\/wp-json\/wp\/v2\/posts\/2324","targetHints":{"allow":["GET"]}}],"collection":[{"href":"https:\/\/www.duchein.ch\/de\/wp-json\/wp\/v2\/posts"}],"about":[{"href":"https:\/\/www.duchein.ch\/de\/wp-json\/wp\/v2\/types\/post"}],"author":[{"embeddable":true,"href":"https:\/\/www.duchein.ch\/de\/wp-json\/wp\/v2\/users\/2"}],"replies":[{"embeddable":true,"href":"https:\/\/www.duchein.ch\/de\/wp-json\/wp\/v2\/comments?post=2324"}],"version-history":[{"count":1,"href":"https:\/\/www.duchein.ch\/de\/wp-json\/wp\/v2\/posts\/2324\/revisions"}],"predecessor-version":[{"id":2325,"href":"https:\/\/www.duchein.ch\/de\/wp-json\/wp\/v2\/posts\/2324\/revisions\/2325"}],"wp:attachment":[{"href":"https:\/\/www.duchein.ch\/de\/wp-json\/wp\/v2\/media?parent=2324"}],"wp:term":[{"taxonomy":"category","embeddable":true,"href":"https:\/\/www.duchein.ch\/de\/wp-json\/wp\/v2\/categories?post=2324"},{"taxonomy":"post_tag","embeddable":true,"href":"https:\/\/www.duchein.ch\/de\/wp-json\/wp\/v2\/tags?post=2324"}],"curies":[{"name":"wp","href":"https:\/\/api.w.org\/{rel}","templated":true}]}}