{"id":2293,"date":"2021-08-31T07:43:24","date_gmt":"2021-08-31T05:43:24","guid":{"rendered":"https:\/\/dev.inventaire.ch\/duchein\/duchein-meilleure-entreprise-formatrice-2021\/"},"modified":"2021-12-15T02:02:50","modified_gmt":"2021-12-15T01:02:50","slug":"duchein-bester-ausbildungsbetrieb-2021","status":"publish","type":"post","link":"https:\/\/www.duchein.ch\/de\/duchein-bester-ausbildungsbetrieb-2021\/","title":{"rendered":"duchein \u2013 Bester Ausbildungsbetrieb 2021"},"content":{"rendered":"<p class=\"p1\"><span class=\"s1\">Mit grosser Freude und Stolz haben wir im Rahmen der vom Freiburger Arbeitgeberverband organisierten Anlass \u00abHerbstauftrag der Unternehmen 2021\u00bb die Auszeichnung \u00abBester Ausbildungsbetrieb 2021\u00bb erhalten. An dieser Stelle gratulieren wir unserem Lernenden zum schweizweit besten Resultat bei der Lehrabschlusspr\u00fcfung als Geb\u00e4udetechnikplaner Sanit\u00e4r. Eindr\u00fccke \u00fcber diesen Anlass finden Sie unter <a href=\"https:\/\/www.upcf.ch\/de\/2021\/08\/der-4-herbstauftakt-der-unternehmen-im-zeichen-des-wiedersehens\/\" target=\"_blank\" rel=\"noopener\">UPCF.<\/a><\/span><\/p>\n<p><img loading=\"lazy\" decoding=\"async\" class=\"alignnone wp-image-1445 size-full\" src=\"http:\/\/www.duchein.ch\/wp-content\/uploads\/2021\/12\/MeilleureEntrepriseFormatrice2021_logo_fond-blanc.jpg\" alt=\"\" width=\"300\" height=\"270\" \/><\/p>\n","protected":false},"excerpt":{"rendered":"<p>Mit grosser Freude und Stolz haben wir im Rahmen der vom Freiburger Arbeitgeberverband organisierten Anlass \u00abHerbstauftrag der Unternehmen 2021\u00bb die Auszeichnung \u00abBester Ausbildungsbetrieb 2021\u00bb erhalten. An dieser Stelle gratulieren wir unserem Lernenden zum schweizweit besten Resultat bei der Lehrabschlusspr\u00fcfung als Geb\u00e4udetechnikplaner Sanit\u00e4r. Eindr\u00fccke \u00fcber diesen Anlass finden Sie unter UPCF.<\/p>\n","protected":false},"author":2,"featured_media":0,"comment_status":"open","ping_status":"open","sticky":false,"template":"","format":"standard","meta":{"_et_pb_use_builder":"","_et_pb_old_content":"","_et_gb_content_width":"","inline_featured_image":false,"_jetpack_memberships_contains_paid_content":false,"footnotes":""},"categories":[45],"tags":[],"class_list":["post-2293","post","type-post","status-publish","format-standard","hentry","category-2021-de"],"jetpack_featured_media_url":"","jetpack_sharing_enabled":true,"_links":{"self":[{"href":"https:\/\/www.duchein.ch\/de\/wp-json\/wp\/v2\/posts\/2293","targetHints":{"allow":["GET"]}}],"collection":[{"href":"https:\/\/www.duchein.ch\/de\/wp-json\/wp\/v2\/posts"}],"about":[{"href":"https:\/\/www.duchein.ch\/de\/wp-json\/wp\/v2\/types\/post"}],"author":[{"embeddable":true,"href":"https:\/\/www.duchein.ch\/de\/wp-json\/wp\/v2\/users\/2"}],"replies":[{"embeddable":true,"href":"https:\/\/www.duchein.ch\/de\/wp-json\/wp\/v2\/comments?post=2293"}],"version-history":[{"count":1,"href":"https:\/\/www.duchein.ch\/de\/wp-json\/wp\/v2\/posts\/2293\/revisions"}],"predecessor-version":[{"id":2294,"href":"https:\/\/www.duchein.ch\/de\/wp-json\/wp\/v2\/posts\/2293\/revisions\/2294"}],"wp:attachment":[{"href":"https:\/\/www.duchein.ch\/de\/wp-json\/wp\/v2\/media?parent=2293"}],"wp:term":[{"taxonomy":"category","embeddable":true,"href":"https:\/\/www.duchein.ch\/de\/wp-json\/wp\/v2\/categories?post=2293"},{"taxonomy":"post_tag","embeddable":true,"href":"https:\/\/www.duchein.ch\/de\/wp-json\/wp\/v2\/tags?post=2293"}],"curies":[{"name":"wp","href":"https:\/\/api.w.org\/{rel}","templated":true}]}}