{"id":2284,"date":"2021-09-21T02:37:55","date_gmt":"2021-09-21T00:37:55","guid":{"rendered":"https:\/\/dev.inventaire.ch\/duchein\/championnats-suisse-des-metiers-2021\/"},"modified":"2021-12-15T01:59:20","modified_gmt":"2021-12-15T00:59:20","slug":"schweizer-berufsmeisterschaften-2021","status":"publish","type":"post","link":"https:\/\/www.duchein.ch\/de\/schweizer-berufsmeisterschaften-2021\/","title":{"rendered":"Schweizer Berufsmeisterschaften 2021"},"content":{"rendered":"<p>Junge Berufsprofis aus allen Landesteilen erhalten in einmaligem Ambiente die Chance, sich untereinander zu messen. Die Schweizermeisterschaften der Geb\u00e4udetechnik finden dieses Jahr vom 24.09 &#8211; 3.10.2021 im Rahmen der Herbstmesse Solothurn statt.<\/p>\n<p><strong>duchein\u00a0<\/strong>ist mit dabei und wir dr\u00fccken unserem Planer die Daumen und w\u00fcnschen ihm viel Erfolg an der Schweizermeisterschaft in der Sparte Geb\u00e4udetechnikplaner Sanit\u00e4r. <a href=\"https:\/\/toplehrstellen.ch\/berufsmeisterschaften\" target=\"_blank\" rel=\"noopener\">Weitere Informationen.<\/a><\/p>\n","protected":false},"excerpt":{"rendered":"<p>Junge Berufsprofis aus allen Landesteilen erhalten in einmaligem Ambiente die Chance, sich untereinander zu messen. Die Schweizermeisterschaften der Geb\u00e4udetechnik finden dieses Jahr vom 24.09 &#8211; 3.10.2021 im Rahmen der Herbstmesse Solothurn statt. duchein\u00a0ist mit dabei und wir dr\u00fccken unserem Planer die Daumen und w\u00fcnschen ihm viel Erfolg an der Schweizermeisterschaft in der Sparte Geb\u00e4udetechnikplaner Sanit\u00e4r. [&hellip;]<\/p>\n","protected":false},"author":1,"featured_media":0,"comment_status":"open","ping_status":"open","sticky":false,"template":"","format":"standard","meta":{"_et_pb_use_builder":"","_et_pb_old_content":"","_et_gb_content_width":"","inline_featured_image":false,"_jetpack_memberships_contains_paid_content":false,"footnotes":""},"categories":[45],"tags":[],"class_list":["post-2284","post","type-post","status-publish","format-standard","hentry","category-2021-de"],"jetpack_featured_media_url":"","jetpack_sharing_enabled":true,"_links":{"self":[{"href":"https:\/\/www.duchein.ch\/de\/wp-json\/wp\/v2\/posts\/2284","targetHints":{"allow":["GET"]}}],"collection":[{"href":"https:\/\/www.duchein.ch\/de\/wp-json\/wp\/v2\/posts"}],"about":[{"href":"https:\/\/www.duchein.ch\/de\/wp-json\/wp\/v2\/types\/post"}],"author":[{"embeddable":true,"href":"https:\/\/www.duchein.ch\/de\/wp-json\/wp\/v2\/users\/1"}],"replies":[{"embeddable":true,"href":"https:\/\/www.duchein.ch\/de\/wp-json\/wp\/v2\/comments?post=2284"}],"version-history":[{"count":1,"href":"https:\/\/www.duchein.ch\/de\/wp-json\/wp\/v2\/posts\/2284\/revisions"}],"predecessor-version":[{"id":2285,"href":"https:\/\/www.duchein.ch\/de\/wp-json\/wp\/v2\/posts\/2284\/revisions\/2285"}],"wp:attachment":[{"href":"https:\/\/www.duchein.ch\/de\/wp-json\/wp\/v2\/media?parent=2284"}],"wp:term":[{"taxonomy":"category","embeddable":true,"href":"https:\/\/www.duchein.ch\/de\/wp-json\/wp\/v2\/categories?post=2284"},{"taxonomy":"post_tag","embeddable":true,"href":"https:\/\/www.duchein.ch\/de\/wp-json\/wp\/v2\/tags?post=2284"}],"curies":[{"name":"wp","href":"https:\/\/api.w.org\/{rel}","templated":true}]}}